{"id":14928,"date":"2024-08-17T18:18:57","date_gmt":"2024-08-17T16:18:57","guid":{"rendered":"https:\/\/www.beseit.net\/?p=14928"},"modified":"2024-08-18T09:58:34","modified_gmt":"2024-08-18T07:58:34","slug":"filmin","status":"publish","type":"post","link":"http:\/\/www.beseit.net\/?p=14928","title":{"rendered":"FILMIN"},"content":{"rendered":"\n<p class=\"has-medium-font-size\"><a href=\"https:\/\/www.filmin.es\/pelicula\/hammarskjold-lucha-por-la-paz\" target=\"_blank\" rel=\"noreferrer noopener\">Hammarskj\u00f6ld. Lucha por la paz <\/a><\/p>\n\n\n\n<figure class=\"wp-block-image size-full\"><img loading=\"lazy\" decoding=\"async\" width=\"343\" height=\"653\" src=\"https:\/\/www.beseit.net\/wp-content\/uploads\/2024\/08\/imatge-2.png\" alt=\"\" class=\"wp-image-14931\" srcset=\"http:\/\/www.beseit.net\/wp-content\/uploads\/2024\/08\/imatge-2.png 343w, http:\/\/www.beseit.net\/wp-content\/uploads\/2024\/08\/imatge-2-158x300.png 158w\" sizes=\"auto, (max-width: 343px) 100vw, 343px\" \/><\/figure>\n\n\n\n<p class=\"has-medium-font-size\">Deixeu-ho en mans de Dag\u00bb. Amb aquestes paraules de confian\u00e7a del president Eisenhower se&#8217;ns introdueix a la superestrella de la diplom\u00e0cia internacional Dag Hammarskj\u00f6ld. Encara oblidat avui dia, Hammarskj\u00f6ld va ser una figura ineludible al tauler pol\u00edtic global despr\u00e9s de la Segona Guerra Mundial i durant la Guerra Freda. Amb una voluntat implacable i un estil solemne, va ser el secretari general de les Nacions Unides entre el 1953 i el 1961. Dedicat a la pau i sacrificat a les causes justes fins a les \u00faltimes conseq\u00fc\u00e8ncies, va aconseguir a t\u00edtol p\u00f2stum el Premi Nobel de la Pau l&#8217;any 1961..<\/p>\n\n\n\n<p class=\"has-medium-font-size\">La pel\u00b7l\u00edcula \u00e9s un thriller pol\u00edtic que va de la m\u00e0 de grans retrats cinematogr\u00e0fics de figures d&#8217;alt rang, com ara La dama de ferro, L&#8217;instant m\u00e9s fosc o Vice. El seu director, Per Fly, compta amb una \u00e0mplia experi\u00e8ncia en cinema ia la televisi\u00f3 sueca, amb cintes com Doble traici\u00f3n (2018) i s\u00e8ries com La ruta dels diners (2022), totes dues de car\u00e0cter pol\u00edtic i social. L&#8217;encert amb aquesta pel\u00b7l\u00edcula es deu no nom\u00e9s al bon maneig del ritme narratiu, sin\u00f3 tamb\u00e9 a l&#8217;habilitat per explicar un relat en una escala tan gran i alhora tan petita, amb una sobrietat pr\u00f2pia del car\u00e0cter escandinau a qu\u00e8 ja tants directors ens tenen acostumats. I \u00e9s que Hammarskj\u00f6ld ens situa l&#8217;\u00faltim any del diplom\u00e0tic suec com a secretari general de les Nacions Unides, quan sorgeix un conflicte al Congo belga a causa del proc\u00e9s de descolonitzaci\u00f3 iniciat pels estats membres l&#8217;any 1960 i la declaraci\u00f3 de la regi\u00f3 de Katanga com un pa\u00eds independent al juliol del mateix any.<\/p>\n\n\n\n<figure class=\"wp-block-embed is-type-video is-provider-youtube wp-block-embed-youtube wp-embed-aspect-16-9 wp-has-aspect-ratio\"><div class=\"wp-block-embed__wrapper\">\n<iframe loading=\"lazy\" title=\"\u00bfEs el fin del CAPITALISMO de \u201clibre mercado\u201d? EE.UU. cambia las reglas del juego. Conoce las nuevas\" width=\"584\" height=\"329\" src=\"https:\/\/www.youtube.com\/embed\/EFSL9URVep4?feature=oembed\" frameborder=\"0\" allow=\"accelerometer; autoplay; clipboard-write; encrypted-media; gyroscope; picture-in-picture; web-share\" referrerpolicy=\"strict-origin-when-cross-origin\" allowfullscreen><\/iframe>\n<\/div><\/figure>\n\n\n\n<figure class=\"wp-block-embed is-type-video is-provider-youtube wp-block-embed-youtube wp-embed-aspect-16-9 wp-has-aspect-ratio\"><div class=\"wp-block-embed__wrapper\">\n<iframe loading=\"lazy\" title=\"EE UU  est\u00e1 aterrorizado,  hegemon\u00eda o nada.\" width=\"584\" height=\"329\" src=\"https:\/\/www.youtube.com\/embed\/lHUOt_w-Ypk?feature=oembed\" frameborder=\"0\" allow=\"accelerometer; autoplay; clipboard-write; encrypted-media; gyroscope; picture-in-picture; web-share\" referrerpolicy=\"strict-origin-when-cross-origin\" allowfullscreen><\/iframe>\n<\/div><\/figure>\n","protected":false},"excerpt":{"rendered":"<p>Hammarskj\u00f6ld. Lucha por la paz Deixeu-ho en mans de Dag\u00bb. Amb aquestes paraules de confian\u00e7a del president Eisenhower se&#8217;ns introdueix a la superestrella de la diplom\u00e0cia internacional Dag Hammarskj\u00f6ld. Encara oblidat avui dia, Hammarskj\u00f6ld va ser una figura ineludible al &hellip; <a href=\"http:\/\/www.beseit.net\/?p=14928\">Continua llegint <span class=\"meta-nav\">&rarr;<\/span><\/a><\/p>\n","protected":false},"author":2,"featured_media":8179,"comment_status":"closed","ping_status":"closed","sticky":false,"template":"","format":"standard","meta":{"footnotes":""},"categories":[21],"tags":[],"class_list":["post-14928","post","type-post","status-publish","format-standard","has-post-thumbnail","hentry","category-pel-licules"],"_links":{"self":[{"href":"http:\/\/www.beseit.net\/index.php?rest_route=\/wp\/v2\/posts\/14928","targetHints":{"allow":["GET"]}}],"collection":[{"href":"http:\/\/www.beseit.net\/index.php?rest_route=\/wp\/v2\/posts"}],"about":[{"href":"http:\/\/www.beseit.net\/index.php?rest_route=\/wp\/v2\/types\/post"}],"author":[{"embeddable":true,"href":"http:\/\/www.beseit.net\/index.php?rest_route=\/wp\/v2\/users\/2"}],"replies":[{"embeddable":true,"href":"http:\/\/www.beseit.net\/index.php?rest_route=%2Fwp%2Fv2%2Fcomments&post=14928"}],"version-history":[{"count":4,"href":"http:\/\/www.beseit.net\/index.php?rest_route=\/wp\/v2\/posts\/14928\/revisions"}],"predecessor-version":[{"id":14935,"href":"http:\/\/www.beseit.net\/index.php?rest_route=\/wp\/v2\/posts\/14928\/revisions\/14935"}],"wp:featuredmedia":[{"embeddable":true,"href":"http:\/\/www.beseit.net\/index.php?rest_route=\/wp\/v2\/media\/8179"}],"wp:attachment":[{"href":"http:\/\/www.beseit.net\/index.php?rest_route=%2Fwp%2Fv2%2Fmedia&parent=14928"}],"wp:term":[{"taxonomy":"category","embeddable":true,"href":"http:\/\/www.beseit.net\/index.php?rest_route=%2Fwp%2Fv2%2Fcategories&post=14928"},{"taxonomy":"post_tag","embeddable":true,"href":"http:\/\/www.beseit.net\/index.php?rest_route=%2Fwp%2Fv2%2Ftags&post=14928"}],"curies":[{"name":"wp","href":"https:\/\/api.w.org\/{rel}","templated":true}]}}