{"id":15250,"date":"2024-09-07T09:51:36","date_gmt":"2024-09-07T07:51:36","guid":{"rendered":"https:\/\/www.beseit.net\/?p=15250"},"modified":"2024-09-07T18:19:41","modified_gmt":"2024-09-07T16:19:41","slug":"variables-dentorn","status":"publish","type":"post","link":"http:\/\/www.beseit.net\/?p=15250","title":{"rendered":"Variables d&#8217;entorn"},"content":{"rendered":"\n<p class=\"has-medium-font-size\">Clic inici esquerro i cerca <strong>&#8220;Variables d&#8217;entorn&#8221;<\/strong> o escriu <strong>&#8220;Editar variables d&#8217;entorn del sistema&#8221;<\/strong> i selecciona l&#8217;opci\u00f3. A la finestra <strong>Propietats del sistema<\/strong>, fes clic al bot\u00f3 <strong>Variables d&#8217;entorn&#8230;<\/strong> (a la part inferior). A la secci\u00f3 de <strong>Variables del sistema<\/strong>, busca i selecciona la variable anomenada &#8216;<strong>Path<\/strong>&#8216; i fes clic a <strong>Editar. <\/strong>A la nova finestra, fes clic a <strong>Nou<\/strong> i afegeix la seg\u00fcent ruta:<\/p>\n\n\n\n<div class=\"wp-block-group\"><div class=\"wp-block-group__inner-container is-layout-constrained wp-block-group-is-layout-constrained\">\n<p class=\"has-medium-font-size\">Les variables d\u2019entorn en un sistema com Windows s\u00f3n valors que poden afectar el comportament dels programes i aplicacions. Aquestes variables s\u00f3n essencials per al sistema operatiu i permeten que les aplicacions es comuniquin entre elles i amb el sistema.<\/p>\n\n\n\n<p class=\"has-medium-font-size\">Alguns exemples de variables d\u2019entorn s\u00f3n:<\/p>\n\n\n\n<ul class=\"wp-block-list\">\n<li class=\"has-medium-font-size\"><strong>%USERNAME%<\/strong>: retorna el nom de l\u2019usuari actualment connectat al sistema.<\/li>\n\n\n\n<li class=\"has-medium-font-size\"><strong>%COMPUTERNAME%<\/strong>: retorna el nom de l\u2019equip.<\/li>\n\n\n\n<li class=\"has-medium-font-size\"><strong>%WINDIR%<\/strong> o <strong>%SYSTEMROOT%<\/strong>: directoris d\u2019instal\u00b7laci\u00f3 de Windows (generalment \u201cC:\\Windows\u201d).<\/li>\n<\/ul>\n<\/div><\/div>\n\n\n\n<p class=\"has-medium-font-size\">Aquestes variables es poden utilitzar per a tasques de manteniment, creaci\u00f3 de scripts o automatitzaci\u00f3 de tasques. Tamb\u00e9 \u00e9s possible crear les teves pr\u00f2pies variables d\u2019entorn per personalitzar el sistema segons les teves necessitats.<\/p>\n\n\n\n<figure class=\"wp-block-image size-full\"><img loading=\"lazy\" decoding=\"async\" width=\"425\" height=\"544\" src=\"https:\/\/www.beseit.net\/wp-content\/uploads\/2024\/09\/imatge-10.png\" alt=\"\" class=\"wp-image-15254\" srcset=\"http:\/\/www.beseit.net\/wp-content\/uploads\/2024\/09\/imatge-10.png 425w, http:\/\/www.beseit.net\/wp-content\/uploads\/2024\/09\/imatge-10-234x300.png 234w\" sizes=\"auto, (max-width: 425px) 100vw, 425px\" \/><\/figure>\n\n\n\n<figure class=\"wp-block-image size-full\"><img loading=\"lazy\" decoding=\"async\" width=\"389\" height=\"643\" src=\"https:\/\/www.beseit.net\/wp-content\/uploads\/2024\/09\/imatge-11.png\" alt=\"\" class=\"wp-image-15255\" srcset=\"http:\/\/www.beseit.net\/wp-content\/uploads\/2024\/09\/imatge-11.png 389w, http:\/\/www.beseit.net\/wp-content\/uploads\/2024\/09\/imatge-11-181x300.png 181w\" sizes=\"auto, (max-width: 389px) 100vw, 389px\" \/><\/figure>\n\n\n\n<figure class=\"wp-block-embed is-type-video is-provider-youtube wp-block-embed-youtube wp-embed-aspect-16-9 wp-has-aspect-ratio\"><div class=\"wp-block-embed__wrapper\">\n<iframe loading=\"lazy\" title=\"Como configurar variables de entorno y PATH en Windows 11\" width=\"584\" height=\"329\" src=\"https:\/\/www.youtube.com\/embed\/liewP-hUq_U?feature=oembed\" frameborder=\"0\" allow=\"accelerometer; autoplay; clipboard-write; encrypted-media; gyroscope; picture-in-picture; web-share\" referrerpolicy=\"strict-origin-when-cross-origin\" allowfullscreen><\/iframe>\n<\/div><\/figure>\n","protected":false},"excerpt":{"rendered":"<p>Clic inici esquerro i cerca &#8220;Variables d&#8217;entorn&#8221; o escriu &#8220;Editar variables d&#8217;entorn del sistema&#8221; i selecciona l&#8217;opci\u00f3. A la finestra Propietats del sistema, fes clic al bot\u00f3 Variables d&#8217;entorn&#8230; (a la part inferior). A la secci\u00f3 de Variables del sistema, &hellip; <a href=\"http:\/\/www.beseit.net\/?p=15250\">Continua llegint <span class=\"meta-nav\">&rarr;<\/span><\/a><\/p>\n","protected":false},"author":2,"featured_media":8179,"comment_status":"closed","ping_status":"closed","sticky":false,"template":"","format":"standard","meta":{"footnotes":""},"categories":[76],"tags":[],"class_list":["post-15250","post","type-post","status-publish","format-standard","has-post-thumbnail","hentry","category-dos"],"_links":{"self":[{"href":"http:\/\/www.beseit.net\/index.php?rest_route=\/wp\/v2\/posts\/15250","targetHints":{"allow":["GET"]}}],"collection":[{"href":"http:\/\/www.beseit.net\/index.php?rest_route=\/wp\/v2\/posts"}],"about":[{"href":"http:\/\/www.beseit.net\/index.php?rest_route=\/wp\/v2\/types\/post"}],"author":[{"embeddable":true,"href":"http:\/\/www.beseit.net\/index.php?rest_route=\/wp\/v2\/users\/2"}],"replies":[{"embeddable":true,"href":"http:\/\/www.beseit.net\/index.php?rest_route=%2Fwp%2Fv2%2Fcomments&post=15250"}],"version-history":[{"count":3,"href":"http:\/\/www.beseit.net\/index.php?rest_route=\/wp\/v2\/posts\/15250\/revisions"}],"predecessor-version":[{"id":15256,"href":"http:\/\/www.beseit.net\/index.php?rest_route=\/wp\/v2\/posts\/15250\/revisions\/15256"}],"wp:featuredmedia":[{"embeddable":true,"href":"http:\/\/www.beseit.net\/index.php?rest_route=\/wp\/v2\/media\/8179"}],"wp:attachment":[{"href":"http:\/\/www.beseit.net\/index.php?rest_route=%2Fwp%2Fv2%2Fmedia&parent=15250"}],"wp:term":[{"taxonomy":"category","embeddable":true,"href":"http:\/\/www.beseit.net\/index.php?rest_route=%2Fwp%2Fv2%2Fcategories&post=15250"},{"taxonomy":"post_tag","embeddable":true,"href":"http:\/\/www.beseit.net\/index.php?rest_route=%2Fwp%2Fv2%2Ftags&post=15250"}],"curies":[{"name":"wp","href":"https:\/\/api.w.org\/{rel}","templated":true}]}}