{"id":15371,"date":"2024-10-20T19:44:32","date_gmt":"2024-10-20T17:44:32","guid":{"rendered":"https:\/\/www.beseit.net\/?p=15371"},"modified":"2024-10-20T22:34:07","modified_gmt":"2024-10-20T20:34:07","slug":"que-es-la-biblioteca-de-lightroom","status":"publish","type":"post","link":"http:\/\/www.beseit.net\/?p=15371","title":{"rendered":"Qu\u00e8 \u00e9s la biblioteca de lightroom?"},"content":{"rendered":"\n<figure class=\"wp-block-image size-large\"><img loading=\"lazy\" decoding=\"async\" width=\"1024\" height=\"571\" src=\"https:\/\/www.beseit.net\/wp-content\/uploads\/2024\/10\/image-3-1024x571.png\" alt=\"\" class=\"wp-image-15372\" srcset=\"http:\/\/www.beseit.net\/wp-content\/uploads\/2024\/10\/image-3-1024x571.png 1024w, http:\/\/www.beseit.net\/wp-content\/uploads\/2024\/10\/image-3-300x167.png 300w, http:\/\/www.beseit.net\/wp-content\/uploads\/2024\/10\/image-3-768x428.png 768w, http:\/\/www.beseit.net\/wp-content\/uploads\/2024\/10\/image-3-1536x856.png 1536w, http:\/\/www.beseit.net\/wp-content\/uploads\/2024\/10\/image-3-500x279.png 500w, http:\/\/www.beseit.net\/wp-content\/uploads\/2024\/10\/image-3.png 1915w\" sizes=\"auto, (max-width: 1024px) 100vw, 1024px\" \/><\/figure>\n\n\n\n<p>La <strong>biblioteca<\/strong> en Adobe Lightroom \u00e9s una de les parts m\u00e9s importants del programa. <a href=\"https:\/\/helpx.adobe.com\/la\/lightroom-classic\/help\/library-module-basic-workflow.html\" target=\"_blank\" rel=\"noreferrer noopener\">\u00c9s el lloc on pots <strong>importar, organitzar, gestionar i classificar<\/strong> les teves fotografies<\/a><a href=\"https:\/\/helpx.adobe.com\/la\/lightroom-classic\/help\/library-module-basic-workflow.html\" target=\"_blank\" rel=\"noreferrer noopener\"><sup>1<\/sup><\/a><a href=\"https:\/\/helpx.adobe.com\/es\/lightroom-classic\/help\/workspace-basics.html\" target=\"_blank\" rel=\"noreferrer noopener\"><sup>2<\/sup><\/a>. Aqu\u00ed tens algunes de les funcions principals de la biblioteca:<\/p>\n\n\n\n<ol class=\"wp-block-list\">\n<li><strong>Importaci\u00f3 de fotos<\/strong>: Pots importar fotos des de la teva c\u00e0mera, targeta de mem\u00f2ria o disc dur.<\/li>\n\n\n\n<li><strong>Organitzaci\u00f3<\/strong>: Pots crear carpetes, col\u00b7leccions i utilitzar paraules clau per mantenir les teves fotos ben organitzades.<\/li>\n\n\n\n<li><strong>Visualitzaci\u00f3<\/strong>: Pots veure les fotos en diferents modes, com la vista de quadr\u00edcula o la vista de lupa, per comparar i seleccionar les millors imatges.<\/li>\n\n\n\n<li><strong>Classificaci\u00f3<\/strong>: Pots assignar estrelles, etiquetes de color i banderes per classificar les fotos segons la seva qualitat o import\u00e0ncia.<\/li>\n\n\n\n<li><a href=\"https:\/\/helpx.adobe.com\/la\/lightroom-classic\/help\/library-module-basic-workflow.html\" target=\"_blank\" rel=\"noreferrer noopener\"><strong>Edici\u00f3 b\u00e0sica<\/strong>: Tot i que la major part de l\u2019edici\u00f3 es fa en el m\u00f2dul de Revelar, tamb\u00e9 pots fer algunes edicions b\u00e0siques com retallar o ajustar l\u2019exposici\u00f3 directament des de la biblioteca<\/a><a href=\"https:\/\/helpx.adobe.com\/la\/lightroom-classic\/help\/library-module-basic-workflow.html\" target=\"_blank\" rel=\"noreferrer noopener\"><sup>1<\/sup><\/a><a href=\"https:\/\/helpx.adobe.com\/es\/lightroom-classic\/help\/workspace-basics.html\" target=\"_blank\" rel=\"noreferrer noopener\"><sup>2<\/sup><\/a>.<\/li>\n<\/ol>\n\n\n\n<p>Vaig a importar les fotos del viatge de Roma per a tratarles una mica.<\/p>\n\n\n\n<p><\/p>\n\n\n\n<p><mark style=\"background-color:rgba(0, 0, 0, 0);color:#f50606\" class=\"has-inline-color\">IMPORTACI\u00d3<\/mark><\/p>\n\n\n\n<p>Al seleccionar directori i carpeta i fer clic per defecte es presenten totes le fots de la carpeta 568 fotografies fetes amb la c\u00e1mara Nikon 5600 <\/p>\n\n\n\n<figure class=\"wp-block-image size-large\"><img loading=\"lazy\" decoding=\"async\" width=\"1024\" height=\"565\" src=\"https:\/\/www.beseit.net\/wp-content\/uploads\/2024\/10\/image-7-1024x565.png\" alt=\"\" class=\"wp-image-15378\" srcset=\"http:\/\/www.beseit.net\/wp-content\/uploads\/2024\/10\/image-7-1024x565.png 1024w, http:\/\/www.beseit.net\/wp-content\/uploads\/2024\/10\/image-7-300x165.png 300w, http:\/\/www.beseit.net\/wp-content\/uploads\/2024\/10\/image-7-768x424.png 768w, http:\/\/www.beseit.net\/wp-content\/uploads\/2024\/10\/image-7-1536x847.png 1536w, http:\/\/www.beseit.net\/wp-content\/uploads\/2024\/10\/image-7-500x276.png 500w, http:\/\/www.beseit.net\/wp-content\/uploads\/2024\/10\/image-7.png 1608w\" sizes=\"auto, (max-width: 1024px) 100vw, 1024px\" \/><\/figure>\n\n\n\n<figure class=\"wp-block-image size-full\"><img loading=\"lazy\" decoding=\"async\" width=\"407\" height=\"139\" src=\"https:\/\/www.beseit.net\/wp-content\/uploads\/2024\/10\/image-6.png\" alt=\"\" class=\"wp-image-15377\" srcset=\"http:\/\/www.beseit.net\/wp-content\/uploads\/2024\/10\/image-6.png 407w, http:\/\/www.beseit.net\/wp-content\/uploads\/2024\/10\/image-6-300x102.png 300w\" sizes=\"auto, (max-width: 407px) 100vw, 407px\" \/><\/figure>\n\n\n\n<p>Quan importes fotos a Lightroom des d\u2019un disc virtual com el teu disc U, les fotos no es mouen f\u00edsicament del seu lloc original. Lightroom crea refer\u00e8ncies a aquestes fotos i genera miniatures per mostrar-les a la pantalla. Aix\u00f2 et permet treballar amb les imatges sense duplicar-les ni ocupar m\u00e9s espai al disc dur.<\/p>\n\n\n\n<p>Aix\u00ed, pots organitzar, classificar i editar les fotos directament des de Lightroom mentre les originals es mantenen al disc U. <\/p>\n\n\n\n<p>Per augmentar la llum d\u2019una foto a Lightroom quan est\u00e0s en la vista de lupa, segueix aquests passos:<\/p>\n\n\n\n<ol class=\"wp-block-list\">\n<li><strong>Selecciona la foto<\/strong>: Fes clic sobre la miniatura per obrir-la en la vista de lupa.<\/li>\n\n\n\n<li><strong>Canvia al m\u00f2dul de Revelar<\/strong>: A la part superior dreta de la pantalla, fes clic a \u201cRevelar\u201d (Develop).<\/li>\n\n\n\n<li><strong>Ajusta l\u2019exposici\u00f3<\/strong>: A la columna de la dreta, trobar\u00e0s el panell \u201cB\u00e0sic\u201d (Basic). Aqu\u00ed pots ajustar l\u2019exposici\u00f3 movent el control lliscant d\u2019Exposici\u00f3 (Exposure) cap a la dreta per augmentar la llum.<\/li>\n\n\n\n<li><strong>Altres ajustos de llum<\/strong>: Tamb\u00e9 pots ajustar altres par\u00e0metres com els Alts Llums (Highlights), Ombres (Shadows), Blancs (Whites) i Negres (Blacks) per afinar encara m\u00e9s la llum de la teva foto.<\/li>\n<\/ol>\n\n\n\n<figure class=\"wp-block-image size-full\"><img loading=\"lazy\" decoding=\"async\" width=\"247\" height=\"67\" src=\"https:\/\/www.beseit.net\/wp-content\/uploads\/2024\/10\/image-8.png\" alt=\"\" class=\"wp-image-15379\"\/><\/figure>\n\n\n\n<p>Per augmentar la llum d\u2019una foto a Lightroom quan est\u00e0s en la vista de lupa, segueix aquests passos:<\/p>\n\n\n\n<ol class=\"wp-block-list\">\n<li><strong>Selecciona la foto<\/strong>: Fes clic sobre la miniatura per obrir-la en la vista de lupa.<\/li>\n\n\n\n<li><strong>Canvia al m\u00f2dul de Revelar<\/strong>: A la part superior dreta de la pantalla, fes clic a \u201cRevelar\u201d (Develop).<\/li>\n\n\n\n<li><strong>Ajusta l\u2019exposici\u00f3<\/strong>: A la columna de la dreta, trobar\u00e0s el panell \u201cB\u00e0sic\u201d (Basic). Aqu\u00ed pots ajustar l\u2019exposici\u00f3 movent el control lliscant d\u2019Exposici\u00f3 (Exposure) cap a la dreta per augmentar la llum.<\/li>\n\n\n\n<li><strong>Altres ajustos de llum<\/strong>: Tamb\u00e9 pots ajustar altres par\u00e0metres com els Alts Llums (Highlights), Ombres (Shadows), Blancs (Whites) i Negres (Blacks) per afinar encara m\u00e9s la llum de la teva foto.<\/li>\n<\/ol>\n\n\n\n<figure class=\"wp-block-image size-large\"><img loading=\"lazy\" decoding=\"async\" width=\"1024\" height=\"568\" src=\"https:\/\/www.beseit.net\/wp-content\/uploads\/2024\/10\/image-9-1024x568.png\" alt=\"\" class=\"wp-image-15380\" srcset=\"http:\/\/www.beseit.net\/wp-content\/uploads\/2024\/10\/image-9-1024x568.png 1024w, http:\/\/www.beseit.net\/wp-content\/uploads\/2024\/10\/image-9-300x166.png 300w, http:\/\/www.beseit.net\/wp-content\/uploads\/2024\/10\/image-9-768x426.png 768w, http:\/\/www.beseit.net\/wp-content\/uploads\/2024\/10\/image-9-500x277.png 500w, http:\/\/www.beseit.net\/wp-content\/uploads\/2024\/10\/image-9.png 1324w\" sizes=\"auto, (max-width: 1024px) 100vw, 1024px\" \/><\/figure>\n\n\n\n<p>Clic al bot\u00f3 autom\u00e1tico (primer de BASIC) fa un arreglo for\u00e7a interessant. <\/p>\n\n\n\n<p><\/p>\n","protected":false},"excerpt":{"rendered":"<p>La biblioteca en Adobe Lightroom \u00e9s una de les parts m\u00e9s importants del programa. \u00c9s el lloc on pots importar, organitzar, gestionar i classificar les teves fotografies12. Aqu\u00ed tens algunes de les funcions principals de la biblioteca: Vaig a importar &hellip; <a href=\"http:\/\/www.beseit.net\/?p=15371\">Continua llegint <span class=\"meta-nav\">&rarr;<\/span><\/a><\/p>\n","protected":false},"author":2,"featured_media":8179,"comment_status":"closed","ping_status":"closed","sticky":false,"template":"","format":"standard","meta":{"footnotes":""},"categories":[142],"tags":[],"class_list":["post-15371","post","type-post","status-publish","format-standard","has-post-thumbnail","hentry","category-lightroom"],"_links":{"self":[{"href":"http:\/\/www.beseit.net\/index.php?rest_route=\/wp\/v2\/posts\/15371","targetHints":{"allow":["GET"]}}],"collection":[{"href":"http:\/\/www.beseit.net\/index.php?rest_route=\/wp\/v2\/posts"}],"about":[{"href":"http:\/\/www.beseit.net\/index.php?rest_route=\/wp\/v2\/types\/post"}],"author":[{"embeddable":true,"href":"http:\/\/www.beseit.net\/index.php?rest_route=\/wp\/v2\/users\/2"}],"replies":[{"embeddable":true,"href":"http:\/\/www.beseit.net\/index.php?rest_route=%2Fwp%2Fv2%2Fcomments&post=15371"}],"version-history":[{"count":2,"href":"http:\/\/www.beseit.net\/index.php?rest_route=\/wp\/v2\/posts\/15371\/revisions"}],"predecessor-version":[{"id":15381,"href":"http:\/\/www.beseit.net\/index.php?rest_route=\/wp\/v2\/posts\/15371\/revisions\/15381"}],"wp:featuredmedia":[{"embeddable":true,"href":"http:\/\/www.beseit.net\/index.php?rest_route=\/wp\/v2\/media\/8179"}],"wp:attachment":[{"href":"http:\/\/www.beseit.net\/index.php?rest_route=%2Fwp%2Fv2%2Fmedia&parent=15371"}],"wp:term":[{"taxonomy":"category","embeddable":true,"href":"http:\/\/www.beseit.net\/index.php?rest_route=%2Fwp%2Fv2%2Fcategories&post=15371"},{"taxonomy":"post_tag","embeddable":true,"href":"http:\/\/www.beseit.net\/index.php?rest_route=%2Fwp%2Fv2%2Ftags&post=15371"}],"curies":[{"name":"wp","href":"https:\/\/api.w.org\/{rel}","templated":true}]}}