{"id":10333,"date":"2022-01-21T21:23:01","date_gmt":"2022-01-21T19:23:01","guid":{"rendered":"https:\/\/www.beseit.net\/?p=10333"},"modified":"2022-01-28T14:35:35","modified_gmt":"2022-01-28T12:35:35","slug":"fujitsu-acy-80-k-ka-eco","status":"publish","type":"post","link":"https:\/\/www.beseit.net\/?p=10333","title":{"rendered":"Fujitsu ACY 80 K-KA ECO"},"content":{"rendered":"<p><img decoding=\"async\" src=\"https:\/\/www.beseit.net\/wp-content\/uploads\/2022\/01\/012122_1922_FujitsuACY81.png\" alt=\"\" \/><\/p>\n<p><img decoding=\"async\" src=\"https:\/\/www.beseit.net\/wp-content\/uploads\/2022\/01\/012122_1922_FujitsuACY82.png\" alt=\"\" \/><\/p>\n<div class=\"name\">\n<h1><strong><span style=\"color: #ff0000;\">Unidad exterior<\/span><\/strong> Aire acondicionado Fujitsu ACY80K-KA split conducto Inverter media presi\u00f3n<\/h1>\n<\/div>\n<div class=\"info\">\n<div class=\"model brand\"><span class=\"capitalize\">Serie<\/span>\u00a0 Media Presi\u00f3n KA ECO<\/div>\n<div class=\"code reference\">C\u00f3digo:\u00a0 3NGF89142<\/div>\n<div class=\"code reference\">Modelo:\u00a0 Unidad exterior AOYG30KATA<\/div>\n<div class=\"code reference\">Marca:\u00a0 FUJITSU<\/div>\n<div class=\"code reference\">Ref. fabricante:\u00a0 AOYG30KATA<\/div>\n<\/div>\n<p><a href=\"https:\/\/www.beseit.net\/wp-content\/uploads\/2022\/01\/EXTERIOR.jpg\"><img loading=\"lazy\" decoding=\"async\" class=\"aligncenter size-full wp-image-10385\" src=\"https:\/\/www.beseit.net\/wp-content\/uploads\/2022\/01\/EXTERIOR.jpg\" alt=\"\" width=\"589\" height=\"349\" srcset=\"https:\/\/www.beseit.net\/wp-content\/uploads\/2022\/01\/EXTERIOR.jpg 589w, https:\/\/www.beseit.net\/wp-content\/uploads\/2022\/01\/EXTERIOR-300x178.jpg 300w, https:\/\/www.beseit.net\/wp-content\/uploads\/2022\/01\/EXTERIOR-500x296.jpg 500w\" sizes=\"auto, (max-width: 589px) 100vw, 589px\" \/><\/a><br \/>\n<strong><span style=\"color: #ff0000;\">Unitat interior:<\/span><\/strong> C\u00f3digo:\u00a0 3NGF89021<span class=\"separator\">Ref. fabricante:\u00a0 ARXG30KMLA<\/span><\/p>\n<p><a href=\"https:\/\/www.beseit.net\/wp-content\/uploads\/2022\/01\/interior.jpg\"><img loading=\"lazy\" decoding=\"async\" class=\"aligncenter size-full wp-image-10389\" src=\"https:\/\/www.beseit.net\/wp-content\/uploads\/2022\/01\/interior.jpg\" alt=\"\" width=\"589\" height=\"58\" srcset=\"https:\/\/www.beseit.net\/wp-content\/uploads\/2022\/01\/interior.jpg 589w, https:\/\/www.beseit.net\/wp-content\/uploads\/2022\/01\/interior-300x30.jpg 300w, https:\/\/www.beseit.net\/wp-content\/uploads\/2022\/01\/interior-500x49.jpg 500w\" sizes=\"auto, (max-width: 589px) 100vw, 589px\" \/><\/a><br \/>\n<strong><span style=\"color: #ff0000;\">COMANDAMENT AMB FIL: UTY-RLRY<\/span><\/strong><\/p>\n<ul>\n<li>Configuraci\u00f3 del temporitzador on\/off\/setmanal<\/li>\n<li>Un termo-sensor integrat monitora i controla la temperatura ambient amb precisi\u00f3.<\/li>\n<li>Quan alguna cosa va malament, es mostra un codi d&#8217;error.<\/li>\n<li>Historial d&#8217;errors (es pot accedir als \u00faltims 16 codis d&#8217;error)<\/li>\n<li>Tipus de 2 fils (L&#8217;alimentaci\u00f3 va junt amb el canal d&#8217;informaci\u00f3??)<\/li>\n<\/ul>\n<p><a href=\"https:\/\/www.beseit.net\/wp-content\/uploads\/2022\/01\/control-amb-cable.jpg\"><img loading=\"lazy\" decoding=\"async\" class=\"aligncenter size-full wp-image-10391\" src=\"https:\/\/www.beseit.net\/wp-content\/uploads\/2022\/01\/control-amb-cable.jpg\" alt=\"\" width=\"589\" height=\"76\" srcset=\"https:\/\/www.beseit.net\/wp-content\/uploads\/2022\/01\/control-amb-cable.jpg 589w, https:\/\/www.beseit.net\/wp-content\/uploads\/2022\/01\/control-amb-cable-300x39.jpg 300w, https:\/\/www.beseit.net\/wp-content\/uploads\/2022\/01\/control-amb-cable-500x65.jpg 500w\" sizes=\"auto, (max-width: 589px) 100vw, 589px\" \/><\/a><a href=\"https:\/\/www.beseit.net\/wp-content\/uploads\/2022\/01\/Imatge1.png\"><img loading=\"lazy\" decoding=\"async\" class=\"aligncenter size-full wp-image-10404\" src=\"https:\/\/www.beseit.net\/wp-content\/uploads\/2022\/01\/Imatge1.png\" alt=\"\" width=\"412\" height=\"283\" srcset=\"https:\/\/www.beseit.net\/wp-content\/uploads\/2022\/01\/Imatge1.png 412w, https:\/\/www.beseit.net\/wp-content\/uploads\/2022\/01\/Imatge1-300x206.png 300w\" sizes=\"auto, (max-width: 412px) 100vw, 412px\" \/><\/a><\/p>\n<p><span style=\"color: #ff0000;\"><strong>Wifi: AIDOO<\/strong><\/span> La instal\u00b7laci\u00f3 \u00e9s molt senzilla ja que nom\u00e9s cal connectar un connector blanc des de l&#8217;aidoo a la m\u00e0quina i llest, I a partir d&#8217;aqu\u00ed es configura s\u00faper senzill amb l&#8217;app d&#8217;aidoo per Bluetooth, i despr\u00e9s ja la rematada la seva tens alexa \u00e9s descarregar l&#8217;APP i poder manejar-lo amb la veu..<\/p>\n<p><a href=\"https:\/\/www.beseit.net\/wp-content\/uploads\/2022\/01\/WIFI-AIDOO.jpg\"><img loading=\"lazy\" decoding=\"async\" class=\"aligncenter size-full wp-image-10399\" src=\"https:\/\/www.beseit.net\/wp-content\/uploads\/2022\/01\/WIFI-AIDOO.jpg\" alt=\"\" width=\"589\" height=\"414\" srcset=\"https:\/\/www.beseit.net\/wp-content\/uploads\/2022\/01\/WIFI-AIDOO.jpg 589w, https:\/\/www.beseit.net\/wp-content\/uploads\/2022\/01\/WIFI-AIDOO-300x211.jpg 300w, https:\/\/www.beseit.net\/wp-content\/uploads\/2022\/01\/WIFI-AIDOO-427x300.jpg 427w\" sizes=\"auto, (max-width: 589px) 100vw, 589px\" \/><\/a><br \/>\n<iframe loading=\"lazy\" title=\"YouTube video player\" src=\"https:\/\/www.youtube.com\/embed\/YMpGsGZspto\" width=\"560\" height=\"315\" frameborder=\"0\" allowfullscreen=\"allowfullscreen\"><\/iframe><\/p>\n<p>&nbsp;<\/p>\n<p><!--more--><\/p>\n<p><img decoding=\"async\" src=\"https:\/\/www.beseit.net\/wp-content\/uploads\/2022\/01\/012122_1922_FujitsuACY83.png\" alt=\"\" \/><\/p>\n<p><img decoding=\"async\" src=\"https:\/\/www.beseit.net\/wp-content\/uploads\/2022\/01\/012122_1922_FujitsuACY84.png\" alt=\"\" \/><\/p>\n<p><iframe loading=\"lazy\" title=\"YouTube video player\" src=\"https:\/\/www.youtube.com\/embed\/PyWtDLav5es\" width=\"560\" height=\"315\" frameborder=\"0\" allowfullscreen=\"allowfullscreen\"><\/iframe><\/p>\n","protected":false},"excerpt":{"rendered":"<p>Unidad exterior Aire acondicionado Fujitsu ACY80K-KA split conducto Inverter media presi\u00f3n Serie\u00a0 Media Presi\u00f3n KA ECO C\u00f3digo:\u00a0 3NGF89142 Modelo:\u00a0 Unidad exterior AOYG30KATA Marca:\u00a0 FUJITSU Ref. fabricante:\u00a0 AOYG30KATA Unitat interior: C\u00f3digo:\u00a0 3NGF89021Ref. fabricante:\u00a0 ARXG30KMLA COMANDAMENT AMB FIL: UTY-RLRY Configuraci\u00f3 del temporitzador &hellip; <a href=\"https:\/\/www.beseit.net\/?p=10333\">Continua llegint <span class=\"meta-nav\">&rarr;<\/span><\/a><\/p>\n","protected":false},"author":2,"featured_media":0,"comment_status":"open","ping_status":"open","sticky":false,"template":"","format":"standard","meta":{"footnotes":""},"categories":[134],"tags":[],"class_list":["post-10333","post","type-post","status-publish","format-standard","hentry","category-climatizacio-aire-acondicionat"],"_links":{"self":[{"href":"https:\/\/www.beseit.net\/index.php?rest_route=\/wp\/v2\/posts\/10333","targetHints":{"allow":["GET"]}}],"collection":[{"href":"https:\/\/www.beseit.net\/index.php?rest_route=\/wp\/v2\/posts"}],"about":[{"href":"https:\/\/www.beseit.net\/index.php?rest_route=\/wp\/v2\/types\/post"}],"author":[{"embeddable":true,"href":"https:\/\/www.beseit.net\/index.php?rest_route=\/wp\/v2\/users\/2"}],"replies":[{"embeddable":true,"href":"https:\/\/www.beseit.net\/index.php?rest_route=%2Fwp%2Fv2%2Fcomments&post=10333"}],"version-history":[{"count":19,"href":"https:\/\/www.beseit.net\/index.php?rest_route=\/wp\/v2\/posts\/10333\/revisions"}],"predecessor-version":[{"id":10406,"href":"https:\/\/www.beseit.net\/index.php?rest_route=\/wp\/v2\/posts\/10333\/revisions\/10406"}],"wp:attachment":[{"href":"https:\/\/www.beseit.net\/index.php?rest_route=%2Fwp%2Fv2%2Fmedia&parent=10333"}],"wp:term":[{"taxonomy":"category","embeddable":true,"href":"https:\/\/www.beseit.net\/index.php?rest_route=%2Fwp%2Fv2%2Fcategories&post=10333"},{"taxonomy":"post_tag","embeddable":true,"href":"https:\/\/www.beseit.net\/index.php?rest_route=%2Fwp%2Fv2%2Ftags&post=10333"}],"curies":[{"name":"wp","href":"https:\/\/api.w.org\/{rel}","templated":true}]}}