{"id":10566,"date":"2022-02-15T19:40:41","date_gmt":"2022-02-15T17:40:41","guid":{"rendered":"https:\/\/www.beseit.net\/?p=10566"},"modified":"2025-08-10T17:45:37","modified_gmt":"2025-08-10T15:45:37","slug":"activar-sensor-temperatura-en-comandament-de-fujitsu","status":"publish","type":"post","link":"https:\/\/www.beseit.net\/?p=10566","title":{"rendered":"Activar sensor temperatura en comandament amb fil: UTY-RLRY de Fujitsu"},"content":{"rendered":"<div style=\"margin-left: 14pt;\">\n<table style=\"border-collapse: collapse;\" border=\"0\">\n<colgroup>\n<col style=\"width: 559px;\" \/><\/colgroup>\n<tbody valign=\"top\">\n<tr style=\"height: 20px;\">\n<td style=\"padding-left: 5px; padding-right: 5px; border: solid 0.5pt;\"><img decoding=\"async\" src=\"https:\/\/www.beseit.net\/wp-content\/uploads\/2022\/02\/021522_1948_Activarsens1.png\" alt=\"\" \/><\/td>\n<\/tr>\n<\/tbody>\n<\/table>\n<\/div>\n<p><span style=\"font-size: 16pt;\">La funci\u00f3 07-1 \u00e9s la que activa el sensor de temperatura de la est\u00e0ncia on \u00e9s el term\u00f2stat i es regulen les unitats.<br \/>\n<\/span><\/p>\n<p><span style=\"font-size: 16pt;\">Polsar simult\u00e0niament durant uns segons: <span style=\"color: #c00000;\"><strong>men\u00fa &lt; enter ;<\/strong><\/span><\/span>Amb <span style=\"color: #c00000; font-size: 20pt;\"><strong>&gt; <\/strong><\/span><span style=\"font-size: 16pt;\">arribar a<\/span><span style=\"font-size: 20pt;\"><br \/>\n<span style=\"color: red;\">7 <\/span><\/span><span style=\"font-size: 16pt;\">enter amb + posar 07.1<\/span><\/p>\n<p><iframe loading=\"lazy\" title=\"activar sensor temperatura en mando pared Fujitsu General\" width=\"584\" height=\"438\" src=\"https:\/\/www.youtube.com\/embed\/hfyGsQsAfJo?feature=oembed\" frameborder=\"0\" allow=\"accelerometer; autoplay; clipboard-write; encrypted-media; gyroscope; picture-in-picture; web-share\" referrerpolicy=\"strict-origin-when-cross-origin\" allowfullscreen><\/iframe><\/p>\n<h2><strong>Ajust de pressi\u00f3 est\u00e0tica en una m\u00e0quina de conductes<\/strong><\/h2>\n<p><iframe loading=\"lazy\" title=\"Caso pr\u00e1ctico: Ajuste de presi\u00f3n est\u00e1tica en una m\u00e1quina de conductos\" width=\"584\" height=\"329\" src=\"https:\/\/www.youtube.com\/embed\/iwIoSdIWN_c?feature=oembed\" frameborder=\"0\" allow=\"accelerometer; autoplay; clipboard-write; encrypted-media; gyroscope; picture-in-picture; web-share\" referrerpolicy=\"strict-origin-when-cross-origin\" allowfullscreen><\/iframe><\/p>\n","protected":false},"excerpt":{"rendered":"<p>La funci\u00f3 07-1 \u00e9s la que activa el sensor de temperatura de la est\u00e0ncia on \u00e9s el term\u00f2stat i es regulen les unitats. Polsar simult\u00e0niament durant uns segons: men\u00fa &lt; enter ;Amb &gt; arribar a 7 enter amb + posar &hellip; <a href=\"https:\/\/www.beseit.net\/?p=10566\">Continua llegint <span class=\"meta-nav\">&rarr;<\/span><\/a><\/p>\n","protected":false},"author":2,"featured_media":3167,"comment_status":"open","ping_status":"open","sticky":false,"template":"","format":"standard","meta":{"footnotes":""},"categories":[134],"tags":[],"class_list":["post-10566","post","type-post","status-publish","format-standard","has-post-thumbnail","hentry","category-climatizacio-aire-acondicionat"],"_links":{"self":[{"href":"https:\/\/www.beseit.net\/index.php?rest_route=\/wp\/v2\/posts\/10566","targetHints":{"allow":["GET"]}}],"collection":[{"href":"https:\/\/www.beseit.net\/index.php?rest_route=\/wp\/v2\/posts"}],"about":[{"href":"https:\/\/www.beseit.net\/index.php?rest_route=\/wp\/v2\/types\/post"}],"author":[{"embeddable":true,"href":"https:\/\/www.beseit.net\/index.php?rest_route=\/wp\/v2\/users\/2"}],"replies":[{"embeddable":true,"href":"https:\/\/www.beseit.net\/index.php?rest_route=%2Fwp%2Fv2%2Fcomments&post=10566"}],"version-history":[{"count":8,"href":"https:\/\/www.beseit.net\/index.php?rest_route=\/wp\/v2\/posts\/10566\/revisions"}],"predecessor-version":[{"id":11282,"href":"https:\/\/www.beseit.net\/index.php?rest_route=\/wp\/v2\/posts\/10566\/revisions\/11282"}],"wp:featuredmedia":[{"embeddable":true,"href":"https:\/\/www.beseit.net\/index.php?rest_route=\/wp\/v2\/media\/3167"}],"wp:attachment":[{"href":"https:\/\/www.beseit.net\/index.php?rest_route=%2Fwp%2Fv2%2Fmedia&parent=10566"}],"wp:term":[{"taxonomy":"category","embeddable":true,"href":"https:\/\/www.beseit.net\/index.php?rest_route=%2Fwp%2Fv2%2Fcategories&post=10566"},{"taxonomy":"post_tag","embeddable":true,"href":"https:\/\/www.beseit.net\/index.php?rest_route=%2Fwp%2Fv2%2Ftags&post=10566"}],"curies":[{"name":"wp","href":"https:\/\/api.w.org\/{rel}","templated":true}]}}