{"id":13444,"date":"2023-04-22T10:23:56","date_gmt":"2023-04-22T08:23:56","guid":{"rendered":"https:\/\/www.beseit.net\/?p=13444"},"modified":"2023-04-22T10:30:49","modified_gmt":"2023-04-22T08:30:49","slug":"ladn-gramatical-del-catala-i-2-400-llengues-mes-en-una-nova-base-de-dades-gegantina","status":"publish","type":"post","link":"https:\/\/www.beseit.net\/?p=13444","title":{"rendered":"L\u2019ADN gramatical del catal\u00e0 i 2.400 lleng\u00fces m\u00e9s en una nova base de dades gegantina"},"content":{"rendered":"<p style=\"margin-left: 36pt\"><span style=\"font-family:Times New Roman; font-size:16pt\"><strong>Grambank, que \u00e9s la base de dades d&#8217;estructura ling\u00fc\u00edstica m\u00e9s completa del m\u00f3n, ha trobat alguns patrons fins ara desconeguts<br \/>\n<\/strong><\/span><\/p>\n<p><img decoding=\"async\" src=\"https:\/\/www.beseit.net\/wp-content\/uploads\/2023\/04\/042223_0830_LADNgramati1.png\" alt=\"\"\/><span style=\"font-family:Times New Roman; font-size:12pt\"><br \/>\n\t\t<\/span><\/p>\n<p><span style=\"font-family:Times New Roman; font-size:12pt\"><strong>Diversitat amena\u00e7ada<br \/>\n<\/strong><\/span><\/p>\n<p><span style=\"font-family:Times New Roman; font-size:16pt\">&#8220;La diversitat extraordin\u00e0ria de lleng\u00fces \u00e9s una de les principals dotacions culturals de la humanitat&#8221;, conclou Levinson. &#8220;Aquesta diversitat es troba amena\u00e7ada, especialment en algunes zones com el nord d&#8217;Austr\u00e0lia i parts d&#8217;Am\u00e8rica del Sud i del Nord. Sense esfor\u00e7os sostinguts per a documentar i revitalitzar les lleng\u00fces en perill d&#8217;extinci\u00f3, la nostra finestra ling\u00fc\u00edstica a la hist\u00f2ria, la cognici\u00f3 i la cultura de la humanitat quedar\u00e0 seriosament fragmentada.&#8221;<br \/>\n<\/span><\/p>\n<p><span style=\"font-family:Times New Roman; font-size:16pt\">La base de dades Grambank \u00e9s un recurs complet d&#8217;acc\u00e9s obert que mant\u00e9 la Max Planck Society. &#8220;Posa la ling\u00fc\u00edstica en un nivell igualitari amb la gen\u00e8tica, l&#8217;arqueologia i l&#8217;antropologia en termes de dades quantitatives, a gran escala i accessibles&#8221;, diu Gray. &#8220;Espero que faciliti l&#8217;exploraci\u00f3 dels vincles entre la diversitat ling\u00fc\u00edstica i una \u00e0mplia gamma d&#8217;altres trets culturals i biol\u00f2gics, que van de creences religioses fins a comportaments econ\u00f2mics, tradicions musicals i llinatges gen\u00e8tics. Aquests vincles amb altres facetes del comportament hum\u00e0 faran de Grambank un recurs clau no nom\u00e9s en ling\u00fc\u00edstica, sin\u00f3 en l&#8217;esfor\u00e7 multidisciplinari d&#8217;entendre la diversitat humana.&#8221;<br \/>\n<\/span><\/p>\n<p><span style=\"font-family:Times New Roman; font-size:16pt\"><br \/>\n\t\t<\/span>\u00a0<\/p>\n<p><a href=\"https:\/\/www.vilaweb.cat\/noticies\/adn-gramatical-catala-gegantina-nova-base-dades\/\">grambank<\/a><\/p>\n","protected":false},"excerpt":{"rendered":"<p>Grambank, que \u00e9s la base de dades d&#8217;estructura ling\u00fc\u00edstica m\u00e9s completa del m\u00f3n, ha trobat alguns patrons fins ara desconeguts Diversitat amena\u00e7ada &#8220;La diversitat extraordin\u00e0ria de lleng\u00fces \u00e9s una de les principals dotacions culturals de la humanitat&#8221;, conclou Levinson. &#8220;Aquesta &hellip; <a href=\"https:\/\/www.beseit.net\/?p=13444\">Continua llegint <span class=\"meta-nav\">&rarr;<\/span><\/a><\/p>\n","protected":false},"author":2,"featured_media":0,"comment_status":"open","ping_status":"open","sticky":false,"template":"","format":"standard","meta":{"footnotes":""},"categories":[3],"tags":[],"class_list":["post-13444","post","type-post","status-publish","format-standard","hentry","category-retall-de-diaris"],"_links":{"self":[{"href":"https:\/\/www.beseit.net\/index.php?rest_route=\/wp\/v2\/posts\/13444","targetHints":{"allow":["GET"]}}],"collection":[{"href":"https:\/\/www.beseit.net\/index.php?rest_route=\/wp\/v2\/posts"}],"about":[{"href":"https:\/\/www.beseit.net\/index.php?rest_route=\/wp\/v2\/types\/post"}],"author":[{"embeddable":true,"href":"https:\/\/www.beseit.net\/index.php?rest_route=\/wp\/v2\/users\/2"}],"replies":[{"embeddable":true,"href":"https:\/\/www.beseit.net\/index.php?rest_route=%2Fwp%2Fv2%2Fcomments&post=13444"}],"version-history":[{"count":7,"href":"https:\/\/www.beseit.net\/index.php?rest_route=\/wp\/v2\/posts\/13444\/revisions"}],"predecessor-version":[{"id":13454,"href":"https:\/\/www.beseit.net\/index.php?rest_route=\/wp\/v2\/posts\/13444\/revisions\/13454"}],"wp:attachment":[{"href":"https:\/\/www.beseit.net\/index.php?rest_route=%2Fwp%2Fv2%2Fmedia&parent=13444"}],"wp:term":[{"taxonomy":"category","embeddable":true,"href":"https:\/\/www.beseit.net\/index.php?rest_route=%2Fwp%2Fv2%2Fcategories&post=13444"},{"taxonomy":"post_tag","embeddable":true,"href":"https:\/\/www.beseit.net\/index.php?rest_route=%2Fwp%2Fv2%2Ftags&post=13444"}],"curies":[{"name":"wp","href":"https:\/\/api.w.org\/{rel}","templated":true}]}}