{"id":18829,"date":"2026-08-27T14:05:40","date_gmt":"2026-08-27T12:05:40","guid":{"rendered":"https:\/\/www.beseit.net\/?p=18829"},"modified":"2026-08-27T14:07:12","modified_gmt":"2026-08-27T12:07:12","slug":"backup-dapps","status":"publish","type":"post","link":"https:\/\/www.beseit.net\/?p=18829","title":{"rendered":"Backup d&#8217;apps"},"content":{"rendered":"\n<figure class=\"wp-block-image size-full\"><img loading=\"lazy\" decoding=\"async\" width=\"908\" height=\"251\" src=\"https:\/\/www.beseit.net\/wp-content\/uploads\/2026\/08\/image-2.png\" alt=\"\" class=\"wp-image-18832\" srcset=\"https:\/\/www.beseit.net\/wp-content\/uploads\/2026\/08\/image-2.png 908w, https:\/\/www.beseit.net\/wp-content\/uploads\/2026\/08\/image-2-300x83.png 300w, https:\/\/www.beseit.net\/wp-content\/uploads\/2026\/08\/image-2-767x212.png 767w, https:\/\/www.beseit.net\/wp-content\/uploads\/2026\/08\/image-2-500x138.png 500w\" sizes=\"auto, (max-width: 908px) 100vw, 908px\" \/><\/figure>\n\n\n\n<p class=\"wp-block-paragraph\">tinc el Deepin amb la instalaci\u00f3 b\u00e0sica quin directoris de la imatge adjunta serien necesaris per carregar apps d&#8217;usuar d&#8217;un altre deepin sense afectar al deepin base?<\/p>\n\n\n\n<p class=\"wp-block-paragraph\">Referencia 10 fuentes<\/p>\n\n\n\n<p class=\"wp-block-paragraph\"><img decoding=\"async\" src=\"qrc:\/web\/dist\/assets\/deep-thinking.webp\">Deep think completado (tard\u00f3 6s)<\/p>\n\n\n\n<p class=\"wp-block-paragraph\">Segons l&#8217;estructura de la imatge adjunta (sembla un backup complet del sistema Deepin), per carregar&nbsp;<strong>apps d&#8217;usuari<\/strong>&nbsp;d&#8217;un altre Deepin&nbsp;<strong>sense afectar el Deepin base<\/strong>, els directoris clau s\u00f3n:<\/p>\n\n\n\n<hr class=\"wp-block-separator has-alpha-channel-opacity\"\/>\n\n\n\n<h2 class=\"wp-block-heading\">\ud83d\udcc1 Directoris necessaris<\/h2>\n\n\n\n<h3 class=\"wp-block-heading\">1.&nbsp;<strong><code>opt<\/code><\/strong>&nbsp;\u2192 Imprescindible<\/h3>\n\n\n\n<p class=\"wp-block-paragraph\">Aqu\u00ed s&#8217;instal\u00b7len els&nbsp;<strong>programes de tercers<\/strong>&nbsp;(deb, run, etc.), com ara Chrome, WPS, QQ, etc.<\/p>\n\n\n\n<p class=\"wp-block-paragraph\">plaintext<\/p>\n\n\n\n<p class=\"wp-block-paragraph\">1\/opt\/apps\/com.tencent.qq<\/p>\n\n\n\n<p class=\"wp-block-paragraph\">2\/opt\/apps\/com.wps.office<\/p>\n\n\n\n<p class=\"wp-block-paragraph\">3<\/p>\n\n\n\n<ul class=\"wp-block-list\">\n<li>\u2705 No afecta el sistema base<\/li>\n\n\n\n<li>\u2705 Cont\u00e9 la majoria d&#8217;aplicacions d&#8217;usuari<\/li>\n<\/ul>\n\n\n\n<h3 class=\"wp-block-heading\">2.&nbsp;<strong><code>home<\/code><\/strong>&nbsp;\u2192 Molt recomanable<\/h3>\n\n\n\n<p class=\"wp-block-paragraph\">Cont\u00e9 les&nbsp;<strong>dades personals<\/strong>&nbsp;i les&nbsp;<strong>configuracions d&#8217;aplicacions<\/strong>&nbsp;de cada usuari:<\/p>\n\n\n\n<p class=\"wp-block-paragraph\">plaintext<\/p>\n\n\n\n<p class=\"wp-block-paragraph\">1\/home\/usuari\/.local\/share\/applications \u2192 Accessos directes<\/p>\n\n\n\n<p class=\"wp-block-paragraph\">2\/home\/usuari\/.config\/ \u2192 Configuracions d&#8217;apps<\/p>\n\n\n\n<p class=\"wp-block-paragraph\">3\/home\/usuari\/.local\/bin\/ \u2192 Scripts i binaris d&#8217;usuari<\/p>\n\n\n\n<p class=\"wp-block-paragraph\">4<\/p>\n\n\n\n<ul class=\"wp-block-list\">\n<li>\u2705 Configuracions i dades d&#8217;aplicacions<\/li>\n<\/ul>\n\n\n\n<h3 class=\"wp-block-heading\">3.&nbsp;<strong><code>var<\/code><\/strong>&nbsp;\u2192 Parcialment (nom\u00e9s&nbsp;<code>var\/lib\/linglong<\/code>)<\/h3>\n\n\n\n<p class=\"wp-block-paragraph\">Si l&#8217;altre Deepin t\u00e9&nbsp;<strong>apps en format Linglong<\/strong>, es troben a:<\/p>\n\n\n\n<p class=\"wp-block-paragraph\">plaintext<\/p>\n\n\n\n<p class=\"wp-block-paragraph\">1\/var\/lib\/linglong\/layers\/main\/<\/p>\n\n\n\n<p class=\"wp-block-paragraph\">2<\/p>\n\n\n\n<ul class=\"wp-block-list\">\n<li>\u26a0\ufe0f Nom\u00e9s interessa aquesta subcarpeta, no tot&nbsp;<code>\/var<\/code><\/li>\n<\/ul>\n\n\n\n<h3 class=\"wp-block-heading\">4.&nbsp;<strong><code>usr<\/code><\/strong>&nbsp;\u2192 \u274c&nbsp;<strong>NO<\/strong>&nbsp;(nom\u00e9s puntualment)<\/h3>\n\n\n\n<ul class=\"wp-block-list\">\n<li><code>\/usr\/bin<\/code>,&nbsp;<code>\/usr\/lib<\/code>,&nbsp;<code>\/usr\/share<\/code>&nbsp;\u2192 Afecten el sistema base<\/li>\n\n\n\n<li><strong>Millor no tocar-lo<\/strong>&nbsp;per evitar trencar el Deepin base<\/li>\n<\/ul>\n\n\n\n<hr class=\"wp-block-separator has-alpha-channel-opacity\"\/>\n\n\n\n<h2 class=\"wp-block-heading\">\ud83d\udccb Resum: Qu\u00e8 copiar?<\/h2>\n\n\n\n<figure class=\"wp-block-table\"><table class=\"has-fixed-layout\"><thead><tr><th class=\"has-text-align-left\" data-align=\"left\">Directori<\/th><th class=\"has-text-align-left\" data-align=\"left\">Necessari?<\/th><th class=\"has-text-align-left\" data-align=\"left\">Per qu\u00e8?<\/th><\/tr><\/thead><tbody><tr><td class=\"has-text-align-left\" data-align=\"left\"><strong><code>opt<\/code><\/strong><\/td><td class=\"has-text-align-left\" data-align=\"left\">\u2705&nbsp;<strong>S\u00ed<\/strong><\/td><td class=\"has-text-align-left\" data-align=\"left\">Apps d&#8217;usuari (deb, run)<\/td><\/tr><tr><td class=\"has-text-align-left\" data-align=\"left\"><strong><code>home<\/code><\/strong><\/td><td class=\"has-text-align-left\" data-align=\"left\">\u2705&nbsp;<strong>S\u00ed<\/strong><\/td><td class=\"has-text-align-left\" data-align=\"left\">Dades, configs, accessos directes<\/td><\/tr><tr><td class=\"has-text-align-left\" data-align=\"left\"><strong><code>var<\/code><\/strong>&nbsp;(linglong)<\/td><td class=\"has-text-align-left\" data-align=\"left\">\u26a0\ufe0f Nom\u00e9s si tens apps Linglong<\/td><td class=\"has-text-align-left\" data-align=\"left\">Apps en format contenidor<\/td><\/tr><tr><td class=\"has-text-align-left\" data-align=\"left\"><strong><code>usr<\/code><\/strong><\/td><td class=\"has-text-align-left\" data-align=\"left\">\u274c No<\/td><td class=\"has-text-align-left\" data-align=\"left\">Afecta el sistema base<\/td><\/tr><tr><td class=\"has-text-align-left\" data-align=\"left\"><strong><code>etc<\/code><\/strong><\/td><td class=\"has-text-align-left\" data-align=\"left\">\u274c No<\/td><td class=\"has-text-align-left\" data-align=\"left\">Configuraci\u00f3 del sistema<\/td><\/tr><tr><td class=\"has-text-align-left\" data-align=\"left\"><strong><code>bin<\/code>,&nbsp;<code>lib<\/code>,&nbsp;<code>sbin<\/code><\/strong><\/td><td class=\"has-text-align-left\" data-align=\"left\">\u274c No<\/td><td class=\"has-text-align-left\" data-align=\"left\">Parts del sistema base<\/td><\/tr><\/tbody><\/table><\/figure>\n\n\n\n<hr class=\"wp-block-separator has-alpha-channel-opacity\"\/>\n\n\n\n<h3 class=\"wp-block-heading\">\ud83d\udd27 Com fer-ho (idea general)<\/h3>\n\n\n\n<p class=\"wp-block-paragraph\">bash<\/p>\n\n\n\n<p class=\"wp-block-paragraph\">1# Copiar apps de tercers<\/p>\n\n\n\n<p class=\"wp-block-paragraph\">2sudo cp -a \/origen\/opt\/* \/dest\u00ed\/opt\/<\/p>\n\n\n\n<p class=\"wp-block-paragraph\">3<\/p>\n\n\n\n<p class=\"wp-block-paragraph\">4# Copiar dades d&#8217;usuari (canviant el nom d&#8217;usuari si cal)<\/p>\n\n\n\n<p class=\"wp-block-paragraph\">5sudo cp -a \/origen\/home\/usuari \/dest\u00ed\/home\/usuari<\/p>\n\n\n\n<p class=\"wp-block-paragraph\">6<\/p>\n\n\n\n<p class=\"wp-block-paragraph\">7# Si hi ha apps Linglong<\/p>\n\n\n\n<p class=\"wp-block-paragraph\">8sudo cp -a \/origen\/var\/lib\/linglong \/dest\u00ed\/var\/lib\/linglong<\/p>\n\n\n\n<p class=\"wp-block-paragraph\">9<\/p>\n\n\n\n<blockquote class=\"wp-block-quote is-layout-flow wp-block-quote-is-layout-flow\">\n<p class=\"wp-block-paragraph\"><strong>Nota<\/strong>: Despr\u00e9s de copiar, potser caldr\u00e0 actualitzar els accessos directes a&nbsp;<code>\/home\/usuari\/.local\/share\/applications\/<\/code>&nbsp;si el cam\u00ed d&#8217;usuari ha canviat.<\/p>\n<\/blockquote>\n\n\n\n<p class=\"wp-block-paragraph\">sis plau copia \/media\/Miquel\/backup\/deepin_amd-p1_system_backup\/home a -&gt; \/media\/Miquel\/backup\/backup_basic\/\/media\/Miquel\/backup\/deepin_amd-p1_system_backup\/home i tamb\u00e9 opt<\/p>\n\n\n\n<p class=\"wp-block-paragraph\"><img decoding=\"async\" src=\"qrc:\/web\/dist\/assets\/deep-thinking.webp\">Deep think completado (tard\u00f3 7s)<\/p>\n\n\n\n<p class=\"wp-block-paragraph\">Entesos! Vull copiar:<\/p>\n\n\n\n<ol class=\"wp-block-list\">\n<li><strong><code>\/media\/Miquel\/backup\/deepin_amd-p1_system_backup\/home<\/code><\/strong>&nbsp;\u2192&nbsp;<strong><code>\/media\/Miquel\/backup\/backup_basic\/home<\/code><\/strong><\/li>\n\n\n\n<li><strong><code>\/media\/Miquel\/backup\/deepin_amd-p1_system_backup\/opt<\/code><\/strong>&nbsp;\u2192&nbsp;<strong><code>\/media\/Miquel\/backup\/backup_basic\/opt<\/code><\/strong><\/li>\n<\/ol>\n\n\n\n<p class=\"wp-block-paragraph\">Per\u00f2&nbsp;<strong>no tinc una eina per copiar directoris sencers de forma recursiva<\/strong>&nbsp;amb les eines disponibles. Puc:<\/p>\n\n\n\n<ul class=\"wp-block-list\">\n<li><strong>Opci\u00f3 A<\/strong>: Si vols, puc obrir el&nbsp;<strong>terminal<\/strong>&nbsp;perqu\u00e8 tu hi executis les ordres.<\/li>\n\n\n\n<li><strong>Opci\u00f3 B<\/strong>: O b\u00e9, si prefereixes, puc copiar fitxer per fitxer (per\u00f2 seria molt lent per a directoris grans).<\/li>\n<\/ul>\n\n\n\n<hr class=\"wp-block-separator has-alpha-channel-opacity\"\/>\n\n\n\n<h3 class=\"wp-block-heading\">\ud83d\udccc Ordre que necessitaries al terminal:<\/h3>\n\n\n\n<p class=\"wp-block-paragraph\">bash<\/p>\n\n\n\n<p class=\"wp-block-paragraph\">1# Crear la carpeta de dest\u00ed<\/p>\n\n\n\n<p class=\"wp-block-paragraph\">2mkdir -p \/media\/Miquel\/backup\/backup_basic<\/p>\n\n\n\n<p class=\"wp-block-paragraph\">3<\/p>\n\n\n\n<p class=\"wp-block-paragraph\">4# Copiar home recursivament<\/p>\n\n\n\n<p class=\"wp-block-paragraph\">5sudo cp -a \/media\/Miquel\/backup\/deepin_amd-p1_system_backup\/home \/media\/Miquel\/backup\/backup_basic\/<\/p>\n\n\n\n<p class=\"wp-block-paragraph\">6<\/p>\n\n\n\n<p class=\"wp-block-paragraph\">7# Copiar opt recursivament<\/p>\n\n\n\n<p class=\"wp-block-paragraph\">8sudo cp -a \/media\/Miquel\/backup\/deepin_amd-p1_system_backup\/opt \/media\/Miquel\/backup\/backup_basic\/<\/p>\n\n\n\n<p class=\"wp-block-paragraph\">9<\/p>\n\n\n\n<p class=\"wp-block-paragraph\">Vols que obri el&nbsp;<strong>terminal<\/strong>&nbsp;per fer-ho?<\/p>\n\n\n\n<p class=\"wp-block-paragraph\">potser els cadenats, .. significa que aquest directori est\u00e0 acabat?<\/p>\n\n\n\n<p class=\"wp-block-paragraph\"><img decoding=\"async\" src=\"qrc:\/web\/dist\/assets\/deep-thinking.webp\">Deep think completado (tard\u00f3 2s)<\/p>\n\n\n\n<p class=\"wp-block-paragraph\">No, el&nbsp;<strong>cadenat \ud83d\udd12<\/strong>&nbsp;no vol dir que el directori estigui \u00abacabat\u00bb. En els gestors de fitxers (com el de Deepin), el&nbsp;<strong>cadenat<\/strong>&nbsp;indica que:<\/p>\n\n\n\n<h2 class=\"wp-block-heading\">\ud83d\udd12 Significat real del cadenat<\/h2>\n\n\n\n<figure class=\"wp-block-table\"><table class=\"has-fixed-layout\"><thead><tr><th class=\"has-text-align-left\" data-align=\"left\">Significat<\/th><th class=\"has-text-align-left\" data-align=\"left\">Detall<\/th><\/tr><\/thead><tbody><tr><td class=\"has-text-align-left\" data-align=\"left\"><strong>Permisos restringits<\/strong><\/td><td class=\"has-text-align-left\" data-align=\"left\">El directori \u00e9s&nbsp;<strong>propietat de root<\/strong>&nbsp;o t\u00e9 permisos limitats<\/td><\/tr><tr><td class=\"has-text-align-left\" data-align=\"left\"><strong>No es pot modificar<\/strong><\/td><td class=\"has-text-align-left\" data-align=\"left\">L&#8217;usuari normal no hi pot escriure sense&nbsp;<code>sudo<\/code><\/td><\/tr><tr><td class=\"has-text-align-left\" data-align=\"left\"><strong>Protecci\u00f3 del sistema<\/strong><\/td><td class=\"has-text-align-left\" data-align=\"left\">S\u00f3n directoris del sistema que no s&#8217;han de tocar<\/td><\/tr><\/tbody><\/table><\/figure>\n\n\n\n<hr class=\"wp-block-separator has-alpha-channel-opacity\"\/>\n\n\n\n<h3 class=\"wp-block-heading\">\ud83d\udcc1 Directoris amb cadenat al teu backup:<\/h3>\n\n\n\n<ul class=\"wp-block-list\">\n<li><code>bin<\/code>,&nbsp;<code>efi<\/code>,&nbsp;<code>etc<\/code>,&nbsp;<code>lib<\/code>,&nbsp;<code>lib64<\/code>,&nbsp;<code>opt<\/code>,&nbsp;<code>ostree<\/code>,&nbsp;<code>persistent<\/code>,&nbsp;<code>root<\/code>,&nbsp;<code>sbin<\/code>,&nbsp;<code>srv<\/code>,&nbsp;<code>sysroot<\/code>,&nbsp;<code>usr<\/code>,&nbsp;<code>var<\/code>&nbsp;\u2192 Tots tenen&nbsp;<strong>propietari root<\/strong>&nbsp;i permisos 755 (r-xr-xr-x)<\/li>\n\n\n\n<li><code>home<\/code>&nbsp;\u2192&nbsp;<strong>Normalment sense cadenat<\/strong>&nbsp;perqu\u00e8 l&#8217;usuari n&#8217;\u00e9s propietari<\/li>\n<\/ul>\n\n\n\n<h3 class=\"wp-block-heading\">\u2705 Qu\u00e8 significa per a la teva c\u00f2pia?<\/h3>\n\n\n\n<ul class=\"wp-block-list\">\n<li><strong><code>opt<\/code><\/strong>&nbsp;\u2192 T\u00e9 cadenat perqu\u00e8 \u00e9s de root, per\u00f2&nbsp;<strong>\u00e9s normal<\/strong>. Quan el copi\u00efs amb&nbsp;<code>sudo cp -a<\/code>, es mantindran els permisos i tot funcionar\u00e0 correctament.<\/li>\n\n\n\n<li><strong>No hi ha cap problema<\/strong>, simplement el sistema protegeix aquests directoris perqu\u00e8 no els esborris per accident.<\/li>\n<\/ul>\n\n\n\n<hr class=\"wp-block-separator has-alpha-channel-opacity\"\/>\n\n\n\n<h3 class=\"wp-block-heading\">\ud83c\udfaf Resum:<\/h3>\n\n\n\n<p class=\"wp-block-paragraph\"><strong>Cadenat \u2260 \u00abacabat\u00bb<\/strong><br><strong>Cadenat = \u00abprotegit \/ nom\u00e9s root pot modificar\u00bb<\/strong><\/p>\n\n\n\n<p class=\"wp-block-paragraph\">Vols que obri el terminal per fer la c\u00f2pia amb&nbsp;<code>sudo<\/code>?<\/p>\n\n\n\n\n\n<p class=\"wp-block-paragraph\">Resumir el contenido clave del archivo.<\/p>\n\n\n\n<p class=\"wp-block-paragraph\"><img decoding=\"async\" src=\"qrc:\/web\/dist\/assets\/deep-thinking.webp\">Deep think completado (tard\u00f3 1s)<\/p>\n","protected":false},"excerpt":{"rendered":"<p>tinc el Deepin amb la instalaci\u00f3 b\u00e0sica quin directoris de la imatge adjunta serien necesaris per carregar apps d&#8217;usuar d&#8217;un altre deepin sense afectar al deepin base? Referencia 10 fuentes Deep think completado (tard\u00f3 6s) Segons l&#8217;estructura de la imatge &hellip; <a href=\"https:\/\/www.beseit.net\/?p=18829\">Continua llegint <span class=\"meta-nav\">&rarr;<\/span><\/a><\/p>\n","protected":false},"author":2,"featured_media":0,"comment_status":"open","ping_status":"open","sticky":false,"template":"","format":"standard","meta":{"footnotes":""},"categories":[1],"tags":[],"class_list":["post-18829","post","type-post","status-publish","format-standard","hentry","category-bloc-de-notes"],"_links":{"self":[{"href":"https:\/\/www.beseit.net\/index.php?rest_route=\/wp\/v2\/posts\/18829","targetHints":{"allow":["GET"]}}],"collection":[{"href":"https:\/\/www.beseit.net\/index.php?rest_route=\/wp\/v2\/posts"}],"about":[{"href":"https:\/\/www.beseit.net\/index.php?rest_route=\/wp\/v2\/types\/post"}],"author":[{"embeddable":true,"href":"https:\/\/www.beseit.net\/index.php?rest_route=\/wp\/v2\/users\/2"}],"replies":[{"embeddable":true,"href":"https:\/\/www.beseit.net\/index.php?rest_route=%2Fwp%2Fv2%2Fcomments&post=18829"}],"version-history":[{"count":2,"href":"https:\/\/www.beseit.net\/index.php?rest_route=\/wp\/v2\/posts\/18829\/revisions"}],"predecessor-version":[{"id":18833,"href":"https:\/\/www.beseit.net\/index.php?rest_route=\/wp\/v2\/posts\/18829\/revisions\/18833"}],"wp:attachment":[{"href":"https:\/\/www.beseit.net\/index.php?rest_route=%2Fwp%2Fv2%2Fmedia&parent=18829"}],"wp:term":[{"taxonomy":"category","embeddable":true,"href":"https:\/\/www.beseit.net\/index.php?rest_route=%2Fwp%2Fv2%2Fcategories&post=18829"},{"taxonomy":"post_tag","embeddable":true,"href":"https:\/\/www.beseit.net\/index.php?rest_route=%2Fwp%2Fv2%2Ftags&post=18829"}],"curies":[{"name":"wp","href":"https:\/\/api.w.org\/{rel}","templated":true}]}}